{"id":4375,"date":"2023-03-19T15:25:51","date_gmt":"2023-03-19T14:25:51","guid":{"rendered":"https:\/\/balise77.com\/site\/?p=4375"},"modified":"2023-03-27T13:35:32","modified_gmt":"2023-03-27T11:35:32","slug":"co-a-vtt-championnat-regional-18-et-19-mars","status":"publish","type":"post","link":"https:\/\/balise77.com\/site\/2023\/03\/19\/co-a-vtt-championnat-regional-18-et-19-mars\/","title":{"rendered":"R\u00e9sultats CO \u00e0 VTT Championnat R\u00e9gional 18 et 19 Mars"},"content":{"rendered":"\n<p><strong><a href=\"https:\/\/balise77.com\/site\/2023\/02\/18\/co-a-vtt-championnat-regional-18-et-19-mars\/vtt\/\" rel=\"attachment wp-att-4457\"><img loading=\"lazy\" decoding=\"async\" class=\" wp-image-4457 alignright\" src=\"https:\/\/balise77.com\/site\/wp-content\/uploads\/2023\/02\/VTT-169x300.jpg\" alt=\"\" width=\"114\" height=\"202\" srcset=\"https:\/\/balise77.com\/site\/wp-content\/uploads\/2023\/02\/VTT-169x300.jpg 169w, https:\/\/balise77.com\/site\/wp-content\/uploads\/2023\/02\/VTT.jpg 540w\" sizes=\"auto, (max-width: 114px) 100vw, 114px\" \/><\/a>R\u00e9sultats du Championnat de Seine &amp; Marne et de l&rsquo;Ile de France CO \u00e0 VTT sur la carte \u00ab Le Mont aux Biques \u00bb organis\u00e9 par l&rsquo;AS Samois.&nbsp; <\/strong><strong>Bravo aux participants &#x1f4aa;&#x1f947;&#x1f948;&#x1f949;<\/strong><\/p>\n<p><strong>R\u00e9sultats MD du 18 Mars&nbsp; <span style=\"background-color: #ccffff;\"><a style=\"background-color: #ccffff;\" href=\"http:\/\/www.samois.coursedorientation.fr\/resultats_md_18_mars_2023_1.html?fbclid=IwAR30EHY4HtQBN6aX5JdctB-Ny7nbI1XWCOfbv5hd7_k1Oy6if8nzJDF5LR8\">ICI&nbsp;<\/a><\/span><\/strong><\/p>\n<p><strong>R\u00e9sultats LD du 19 Mars <span style=\"background-color: #ccffff;\"><a style=\"background-color: #ccffff;\" href=\"http:\/\/www.samois.coursedorientation.fr\/resultats_ld_19_mars_2023_1.html\">ICI<\/a><\/span><\/strong><\/p>\n\n\n","protected":false},"excerpt":{"rendered":"<p>R\u00e9sultats du Championnat de Seine &amp; Marne et de l&rsquo;Ile de France CO \u00e0 VTT sur la carte \u00ab Le Mont aux Biques \u00bb organis\u00e9 par l&rsquo;AS Samois.&nbsp; Bravo aux participants &#x1f4aa;&#x1f947;&#x1f948;&#x1f949; R\u00e9sultats MD du 18 Mars&nbsp; ICI&nbsp; R\u00e9sultats LD du 19 Mars ICI<\/p>\n","protected":false},"author":2,"featured_media":0,"comment_status":"closed","ping_status":"closed","sticky":false,"template":"","format":"standard","meta":{"site-sidebar-layout":"default","site-content-layout":"","ast-site-content-layout":"","site-content-style":"default","site-sidebar-style":"default","ast-global-header-display":"","ast-banner-title-visibility":"","ast-main-header-display":"","ast-hfb-above-header-display":"","ast-hfb-below-header-display":"","ast-hfb-mobile-header-display":"","site-post-title":"","ast-breadcrumbs-content":"","ast-featured-img":"","footer-sml-layout":"","theme-transparent-header-meta":"","adv-header-id-meta":"","stick-header-meta":"","header-above-stick-meta":"","header-main-stick-meta":"","header-below-stick-meta":"","astra-migrate-meta-layouts":"default","ast-page-background-enabled":"default","ast-page-background-meta":{"desktop":{"background-color":"var(--ast-global-color-4)","background-image":"","background-repeat":"repeat","background-position":"center center","background-size":"auto","background-attachment":"scroll","background-type":"","background-media":"","overlay-type":"","overlay-color":"","overlay-opacity":"","overlay-gradient":""},"tablet":{"background-color":"","background-image":"","background-repeat":"repeat","background-position":"center center","background-size":"auto","background-attachment":"scroll","background-type":"","background-media":"","overlay-type":"","overlay-color":"","overlay-opacity":"","overlay-gradient":""},"mobile":{"background-color":"","background-image":"","background-repeat":"repeat","background-position":"center center","background-size":"auto","background-attachment":"scroll","background-type":"","background-media":"","overlay-type":"","overlay-color":"","overlay-opacity":"","overlay-gradient":""}},"ast-content-background-meta":{"desktop":{"background-color":"var(--ast-global-color-5)","background-image":"","background-repeat":"repeat","background-position":"center center","background-size":"auto","background-attachment":"scroll","background-type":"","background-media":"","overlay-type":"","overlay-color":"","overlay-opacity":"","overlay-gradient":""},"tablet":{"background-color":"var(--ast-global-color-5)","background-image":"","background-repeat":"repeat","background-position":"center center","background-size":"auto","background-attachment":"scroll","background-type":"","background-media":"","overlay-type":"","overlay-color":"","overlay-opacity":"","overlay-gradient":""},"mobile":{"background-color":"var(--ast-global-color-5)","background-image":"","background-repeat":"repeat","background-position":"center center","background-size":"auto","background-attachment":"scroll","background-type":"","background-media":"","overlay-type":"","overlay-color":"","overlay-opacity":"","overlay-gradient":""}},"footnotes":""},"categories":[1],"tags":[],"class_list":["post-4375","post","type-post","status-publish","format-standard","hentry","category-non-classe"],"_links":{"self":[{"href":"https:\/\/balise77.com\/site\/wp-json\/wp\/v2\/posts\/4375","targetHints":{"allow":["GET"]}}],"collection":[{"href":"https:\/\/balise77.com\/site\/wp-json\/wp\/v2\/posts"}],"about":[{"href":"https:\/\/balise77.com\/site\/wp-json\/wp\/v2\/types\/post"}],"author":[{"embeddable":true,"href":"https:\/\/balise77.com\/site\/wp-json\/wp\/v2\/users\/2"}],"replies":[{"embeddable":true,"href":"https:\/\/balise77.com\/site\/wp-json\/wp\/v2\/comments?post=4375"}],"version-history":[{"count":6,"href":"https:\/\/balise77.com\/site\/wp-json\/wp\/v2\/posts\/4375\/revisions"}],"predecessor-version":[{"id":4476,"href":"https:\/\/balise77.com\/site\/wp-json\/wp\/v2\/posts\/4375\/revisions\/4476"}],"wp:attachment":[{"href":"https:\/\/balise77.com\/site\/wp-json\/wp\/v2\/media?parent=4375"}],"wp:term":[{"taxonomy":"category","embeddable":true,"href":"https:\/\/balise77.com\/site\/wp-json\/wp\/v2\/categories?post=4375"},{"taxonomy":"post_tag","embeddable":true,"href":"https:\/\/balise77.com\/site\/wp-json\/wp\/v2\/tags?post=4375"}],"curies":[{"name":"wp","href":"https:\/\/api.w.org\/{rel}","templated":true}]}}